{"id":1045,"date":"2018-12-26T09:58:16","date_gmt":"2018-12-26T08:58:16","guid":{"rendered":"https:\/\/www.huitres-st-vaast.com\/?p=1045"},"modified":"2018-12-26T09:58:16","modified_gmt":"2018-12-26T08:58:16","slug":"ouverture-des-magasins-de-st-vaast-la-hougue-et-de-cherbourg","status":"publish","type":"post","link":"https:\/\/www.huitres-st-vaast.com\/en\/ouverture-des-magasins-de-st-vaast-la-hougue-et-de-cherbourg\/","title":{"rendered":"Ouverture des magasins de St Vaast La Hougue et de Cherbourg"},"content":{"rendered":"<p>Pour les f\u00eates de fin d&#8217;ann\u00e9e, les magasins de Saint-Vaast-La-Hougue et de Cherbourg-en-Cotentin sont ouverts le lundi 30 et mardi 31 d\u00e9cembre 2018.<\/p>\n<p>Toute l&#8217;\u00e9quipe des Hu\u00eetres H\u00e9lie et des magasins Lesdos vous souhaitent de joyeuses f\u00eates de fin d&#8217;ann\u00e9e !<\/p>\n","protected":false},"excerpt":{"rendered":"<p>Pour les f\u00eates de fin d&#8217;ann\u00e9e, les magasins de Saint-Vaast-La-Hougue et de Cherbourg-en-Cotentin sont ouverts le lundi 30 et mardi 31 d\u00e9cembre 2018. Toute l&#8217;\u00e9quipe des Hu\u00eetres H\u00e9lie et des magasins Lesdos vous souhaitent de joyeuses f\u00eates de fin d&#8217;ann\u00e9e !<\/p>\n","protected":false},"author":1,"featured_media":392,"comment_status":"closed","ping_status":"closed","sticky":false,"template":"","format":"standard","meta":{"footnotes":""},"categories":[1],"tags":[],"class_list":["post-1045","post","type-post","status-publish","format-standard","has-post-thumbnail","hentry","category-actualites"],"yoast_head":"<!-- This site is optimized with the Yoast SEO plugin v27.5 - https:\/\/yoast.com\/product\/yoast-seo-wordpress\/ -->\n<title>Ouverture des magasins de St Vaast La Hougue et de Cherbourg - Hu\u00eetres H\u00e9lie<\/title>\n<meta name=\"robots\" content=\"index, follow, max-snippet:-1, max-image-preview:large, max-video-preview:-1\" \/>\n<link rel=\"canonical\" href=\"https:\/\/www.huitres-st-vaast.com\/ouverture-des-magasins-de-st-vaast-la-hougue-et-de-cherbourg\/\" \/>\n<meta property=\"og:locale\" content=\"en_US\" \/>\n<meta property=\"og:type\" content=\"article\" \/>\n<meta property=\"og:title\" content=\"Ouverture des magasins de St Vaast La Hougue et de Cherbourg - Hu\u00eetres H\u00e9lie\" \/>\n<meta property=\"og:description\" content=\"Pour les f\u00eates de fin d&#8217;ann\u00e9e, les magasins de Saint-Vaast-La-Hougue et de Cherbourg-en-Cotentin sont ouverts le lundi 30 et mardi 31 d\u00e9cembre 2018. Toute l&#8217;\u00e9quipe des Hu\u00eetres H\u00e9lie et des magasins Lesdos vous souhaitent de joyeuses f\u00eates de fin d&#8217;ann\u00e9e !\" \/>\n<meta property=\"og:url\" content=\"https:\/\/www.huitres-st-vaast.com\/ouverture-des-magasins-de-st-vaast-la-hougue-et-de-cherbourg\/\" \/>\n<meta property=\"og:site_name\" content=\"Hu\u00eetres H\u00e9lie\" \/>\n<meta property=\"article:publisher\" content=\"https:\/\/www.facebook.com\/huitreshelie\" \/>\n<meta property=\"article:published_time\" content=\"2018-12-26T08:58:16+00:00\" \/>\n<meta property=\"og:image\" content=\"https:\/\/www.huitres-st-vaast.com\/wp-content\/uploads\/2016\/01\/magasin-lesdos-allaire-saint-vaast-la-hougue.jpg\" \/>\n\t<meta property=\"og:image:width\" content=\"1000\" \/>\n\t<meta property=\"og:image:height\" content=\"666\" \/>\n\t<meta property=\"og:image:type\" content=\"image\/jpeg\" \/>\n<meta name=\"author\" content=\"admin\" \/>\n<meta name=\"twitter:card\" content=\"summary_large_image\" \/>\n<meta name=\"twitter:label1\" content=\"Written by\" \/>\n\t<meta name=\"twitter:data1\" content=\"admin\" \/>\n<script type=\"application\/ld+json\" class=\"yoast-schema-graph\">{\"@context\":\"https:\\\/\\\/schema.org\",\"@graph\":[{\"@type\":\"Article\",\"@id\":\"https:\\\/\\\/www.huitres-st-vaast.com\\\/ouverture-des-magasins-de-st-vaast-la-hougue-et-de-cherbourg\\\/#article\",\"isPartOf\":{\"@id\":\"https:\\\/\\\/www.huitres-st-vaast.com\\\/ouverture-des-magasins-de-st-vaast-la-hougue-et-de-cherbourg\\\/\"},\"author\":{\"name\":\"admin\",\"@id\":\"https:\\\/\\\/www.huitres-st-vaast.com\\\/#\\\/schema\\\/person\\\/ed21d0a9deb22fda5cb5a0094a86a53f\"},\"headline\":\"Ouverture des magasins de St Vaast La Hougue et de Cherbourg\",\"datePublished\":\"2018-12-26T08:58:16+00:00\",\"mainEntityOfPage\":{\"@id\":\"https:\\\/\\\/www.huitres-st-vaast.com\\\/ouverture-des-magasins-de-st-vaast-la-hougue-et-de-cherbourg\\\/\"},\"wordCount\":58,\"publisher\":{\"@id\":\"https:\\\/\\\/www.huitres-st-vaast.com\\\/#organization\"},\"image\":{\"@id\":\"https:\\\/\\\/www.huitres-st-vaast.com\\\/ouverture-des-magasins-de-st-vaast-la-hougue-et-de-cherbourg\\\/#primaryimage\"},\"thumbnailUrl\":\"https:\\\/\\\/www.huitres-st-vaast.com\\\/wp-content\\\/uploads\\\/2016\\\/01\\\/magasin-lesdos-allaire-saint-vaast-la-hougue.jpg\",\"articleSection\":[\"Actualit\u00e9s\"],\"inLanguage\":\"en-US\"},{\"@type\":\"WebPage\",\"@id\":\"https:\\\/\\\/www.huitres-st-vaast.com\\\/ouverture-des-magasins-de-st-vaast-la-hougue-et-de-cherbourg\\\/\",\"url\":\"https:\\\/\\\/www.huitres-st-vaast.com\\\/ouverture-des-magasins-de-st-vaast-la-hougue-et-de-cherbourg\\\/\",\"name\":\"Ouverture des magasins de St Vaast La Hougue et de Cherbourg - Hu\u00eetres H\u00e9lie\",\"isPartOf\":{\"@id\":\"https:\\\/\\\/www.huitres-st-vaast.com\\\/#website\"},\"primaryImageOfPage\":{\"@id\":\"https:\\\/\\\/www.huitres-st-vaast.com\\\/ouverture-des-magasins-de-st-vaast-la-hougue-et-de-cherbourg\\\/#primaryimage\"},\"image\":{\"@id\":\"https:\\\/\\\/www.huitres-st-vaast.com\\\/ouverture-des-magasins-de-st-vaast-la-hougue-et-de-cherbourg\\\/#primaryimage\"},\"thumbnailUrl\":\"https:\\\/\\\/www.huitres-st-vaast.com\\\/wp-content\\\/uploads\\\/2016\\\/01\\\/magasin-lesdos-allaire-saint-vaast-la-hougue.jpg\",\"datePublished\":\"2018-12-26T08:58:16+00:00\",\"breadcrumb\":{\"@id\":\"https:\\\/\\\/www.huitres-st-vaast.com\\\/ouverture-des-magasins-de-st-vaast-la-hougue-et-de-cherbourg\\\/#breadcrumb\"},\"inLanguage\":\"en-US\",\"potentialAction\":[{\"@type\":\"ReadAction\",\"target\":[\"https:\\\/\\\/www.huitres-st-vaast.com\\\/ouverture-des-magasins-de-st-vaast-la-hougue-et-de-cherbourg\\\/\"]}]},{\"@type\":\"ImageObject\",\"inLanguage\":\"en-US\",\"@id\":\"https:\\\/\\\/www.huitres-st-vaast.com\\\/ouverture-des-magasins-de-st-vaast-la-hougue-et-de-cherbourg\\\/#primaryimage\",\"url\":\"https:\\\/\\\/www.huitres-st-vaast.com\\\/wp-content\\\/uploads\\\/2016\\\/01\\\/magasin-lesdos-allaire-saint-vaast-la-hougue.jpg\",\"contentUrl\":\"https:\\\/\\\/www.huitres-st-vaast.com\\\/wp-content\\\/uploads\\\/2016\\\/01\\\/magasin-lesdos-allaire-saint-vaast-la-hougue.jpg\",\"width\":1000,\"height\":666,\"caption\":\"Magasin Lesdos Allaire Saint Vaast la Hougue\"},{\"@type\":\"BreadcrumbList\",\"@id\":\"https:\\\/\\\/www.huitres-st-vaast.com\\\/ouverture-des-magasins-de-st-vaast-la-hougue-et-de-cherbourg\\\/#breadcrumb\",\"itemListElement\":[{\"@type\":\"ListItem\",\"position\":1,\"name\":\"Accueil\",\"item\":\"https:\\\/\\\/www.huitres-st-vaast.com\\\/\"},{\"@type\":\"ListItem\",\"position\":2,\"name\":\"Ouverture des magasins de St Vaast La Hougue et de Cherbourg\"}]},{\"@type\":\"WebSite\",\"@id\":\"https:\\\/\\\/www.huitres-st-vaast.com\\\/#website\",\"url\":\"https:\\\/\\\/www.huitres-st-vaast.com\\\/\",\"name\":\"Hu\u00eetres H\u00e9lie\",\"description\":\"Hu\u00eetres fraiches de Normandie\",\"publisher\":{\"@id\":\"https:\\\/\\\/www.huitres-st-vaast.com\\\/#organization\"},\"potentialAction\":[{\"@type\":\"SearchAction\",\"target\":{\"@type\":\"EntryPoint\",\"urlTemplate\":\"https:\\\/\\\/www.huitres-st-vaast.com\\\/?s={search_term_string}\"},\"query-input\":{\"@type\":\"PropertyValueSpecification\",\"valueRequired\":true,\"valueName\":\"search_term_string\"}}],\"inLanguage\":\"en-US\"},{\"@type\":\"Organization\",\"@id\":\"https:\\\/\\\/www.huitres-st-vaast.com\\\/#organization\",\"name\":\"Hu\u00eetres H\u00e9lie\",\"url\":\"https:\\\/\\\/www.huitres-st-vaast.com\\\/\",\"logo\":{\"@type\":\"ImageObject\",\"inLanguage\":\"en-US\",\"@id\":\"https:\\\/\\\/www.huitres-st-vaast.com\\\/#\\\/schema\\\/logo\\\/image\\\/\",\"url\":\"https:\\\/\\\/www.huitres-st-vaast.com\\\/wp-content\\\/uploads\\\/2024\\\/11\\\/logo.webp\",\"contentUrl\":\"https:\\\/\\\/www.huitres-st-vaast.com\\\/wp-content\\\/uploads\\\/2024\\\/11\\\/logo.webp\",\"width\":645,\"height\":337,\"caption\":\"Hu\u00eetres H\u00e9lie\"},\"image\":{\"@id\":\"https:\\\/\\\/www.huitres-st-vaast.com\\\/#\\\/schema\\\/logo\\\/image\\\/\"},\"sameAs\":[\"https:\\\/\\\/www.facebook.com\\\/huitreshelie\",\"https:\\\/\\\/www.instagram.com\\\/huitres_helie\",\"https:\\\/\\\/www.youtube.com\\\/channel\\\/UC9EJR2gJXzsMPxr9Ph4nf2A\"]},{\"@type\":\"Person\",\"@id\":\"https:\\\/\\\/www.huitres-st-vaast.com\\\/#\\\/schema\\\/person\\\/ed21d0a9deb22fda5cb5a0094a86a53f\",\"name\":\"admin\",\"image\":{\"@type\":\"ImageObject\",\"inLanguage\":\"en-US\",\"@id\":\"https:\\\/\\\/secure.gravatar.com\\\/avatar\\\/b7f05c381d7d21bc9fc399fdf165d35a793576e609122a1f6c8ba6d23232a4e8?s=96&d=mm&r=g\",\"url\":\"https:\\\/\\\/secure.gravatar.com\\\/avatar\\\/b7f05c381d7d21bc9fc399fdf165d35a793576e609122a1f6c8ba6d23232a4e8?s=96&d=mm&r=g\",\"contentUrl\":\"https:\\\/\\\/secure.gravatar.com\\\/avatar\\\/b7f05c381d7d21bc9fc399fdf165d35a793576e609122a1f6c8ba6d23232a4e8?s=96&d=mm&r=g\",\"caption\":\"admin\"}}]}<\/script>\n<!-- \/ Yoast SEO plugin. -->","yoast_head_json":{"title":"Ouverture des magasins de St Vaast La Hougue et de Cherbourg - Hu\u00eetres H\u00e9lie","robots":{"index":"index","follow":"follow","max-snippet":"max-snippet:-1","max-image-preview":"max-image-preview:large","max-video-preview":"max-video-preview:-1"},"canonical":"https:\/\/www.huitres-st-vaast.com\/ouverture-des-magasins-de-st-vaast-la-hougue-et-de-cherbourg\/","og_locale":"en_US","og_type":"article","og_title":"Ouverture des magasins de St Vaast La Hougue et de Cherbourg - Hu\u00eetres H\u00e9lie","og_description":"Pour les f\u00eates de fin d&#8217;ann\u00e9e, les magasins de Saint-Vaast-La-Hougue et de Cherbourg-en-Cotentin sont ouverts le lundi 30 et mardi 31 d\u00e9cembre 2018. Toute l&#8217;\u00e9quipe des Hu\u00eetres H\u00e9lie et des magasins Lesdos vous souhaitent de joyeuses f\u00eates de fin d&#8217;ann\u00e9e !","og_url":"https:\/\/www.huitres-st-vaast.com\/ouverture-des-magasins-de-st-vaast-la-hougue-et-de-cherbourg\/","og_site_name":"Hu\u00eetres H\u00e9lie","article_publisher":"https:\/\/www.facebook.com\/huitreshelie","article_published_time":"2018-12-26T08:58:16+00:00","og_image":[{"width":1000,"height":666,"url":"https:\/\/www.huitres-st-vaast.com\/wp-content\/uploads\/2016\/01\/magasin-lesdos-allaire-saint-vaast-la-hougue.jpg","type":"image\/jpeg"}],"author":"admin","twitter_card":"summary_large_image","twitter_misc":{"Written by":"admin"},"schema":{"@context":"https:\/\/schema.org","@graph":[{"@type":"Article","@id":"https:\/\/www.huitres-st-vaast.com\/ouverture-des-magasins-de-st-vaast-la-hougue-et-de-cherbourg\/#article","isPartOf":{"@id":"https:\/\/www.huitres-st-vaast.com\/ouverture-des-magasins-de-st-vaast-la-hougue-et-de-cherbourg\/"},"author":{"name":"admin","@id":"https:\/\/www.huitres-st-vaast.com\/#\/schema\/person\/ed21d0a9deb22fda5cb5a0094a86a53f"},"headline":"Ouverture des magasins de St Vaast La Hougue et de Cherbourg","datePublished":"2018-12-26T08:58:16+00:00","mainEntityOfPage":{"@id":"https:\/\/www.huitres-st-vaast.com\/ouverture-des-magasins-de-st-vaast-la-hougue-et-de-cherbourg\/"},"wordCount":58,"publisher":{"@id":"https:\/\/www.huitres-st-vaast.com\/#organization"},"image":{"@id":"https:\/\/www.huitres-st-vaast.com\/ouverture-des-magasins-de-st-vaast-la-hougue-et-de-cherbourg\/#primaryimage"},"thumbnailUrl":"https:\/\/www.huitres-st-vaast.com\/wp-content\/uploads\/2016\/01\/magasin-lesdos-allaire-saint-vaast-la-hougue.jpg","articleSection":["Actualit\u00e9s"],"inLanguage":"en-US"},{"@type":"WebPage","@id":"https:\/\/www.huitres-st-vaast.com\/ouverture-des-magasins-de-st-vaast-la-hougue-et-de-cherbourg\/","url":"https:\/\/www.huitres-st-vaast.com\/ouverture-des-magasins-de-st-vaast-la-hougue-et-de-cherbourg\/","name":"Ouverture des magasins de St Vaast La Hougue et de Cherbourg - Hu\u00eetres H\u00e9lie","isPartOf":{"@id":"https:\/\/www.huitres-st-vaast.com\/#website"},"primaryImageOfPage":{"@id":"https:\/\/www.huitres-st-vaast.com\/ouverture-des-magasins-de-st-vaast-la-hougue-et-de-cherbourg\/#primaryimage"},"image":{"@id":"https:\/\/www.huitres-st-vaast.com\/ouverture-des-magasins-de-st-vaast-la-hougue-et-de-cherbourg\/#primaryimage"},"thumbnailUrl":"https:\/\/www.huitres-st-vaast.com\/wp-content\/uploads\/2016\/01\/magasin-lesdos-allaire-saint-vaast-la-hougue.jpg","datePublished":"2018-12-26T08:58:16+00:00","breadcrumb":{"@id":"https:\/\/www.huitres-st-vaast.com\/ouverture-des-magasins-de-st-vaast-la-hougue-et-de-cherbourg\/#breadcrumb"},"inLanguage":"en-US","potentialAction":[{"@type":"ReadAction","target":["https:\/\/www.huitres-st-vaast.com\/ouverture-des-magasins-de-st-vaast-la-hougue-et-de-cherbourg\/"]}]},{"@type":"ImageObject","inLanguage":"en-US","@id":"https:\/\/www.huitres-st-vaast.com\/ouverture-des-magasins-de-st-vaast-la-hougue-et-de-cherbourg\/#primaryimage","url":"https:\/\/www.huitres-st-vaast.com\/wp-content\/uploads\/2016\/01\/magasin-lesdos-allaire-saint-vaast-la-hougue.jpg","contentUrl":"https:\/\/www.huitres-st-vaast.com\/wp-content\/uploads\/2016\/01\/magasin-lesdos-allaire-saint-vaast-la-hougue.jpg","width":1000,"height":666,"caption":"Magasin Lesdos Allaire Saint Vaast la Hougue"},{"@type":"BreadcrumbList","@id":"https:\/\/www.huitres-st-vaast.com\/ouverture-des-magasins-de-st-vaast-la-hougue-et-de-cherbourg\/#breadcrumb","itemListElement":[{"@type":"ListItem","position":1,"name":"Accueil","item":"https:\/\/www.huitres-st-vaast.com\/"},{"@type":"ListItem","position":2,"name":"Ouverture des magasins de St Vaast La Hougue et de Cherbourg"}]},{"@type":"WebSite","@id":"https:\/\/www.huitres-st-vaast.com\/#website","url":"https:\/\/www.huitres-st-vaast.com\/","name":"Hu\u00eetres H\u00e9lie","description":"Hu\u00eetres fraiches de Normandie","publisher":{"@id":"https:\/\/www.huitres-st-vaast.com\/#organization"},"potentialAction":[{"@type":"SearchAction","target":{"@type":"EntryPoint","urlTemplate":"https:\/\/www.huitres-st-vaast.com\/?s={search_term_string}"},"query-input":{"@type":"PropertyValueSpecification","valueRequired":true,"valueName":"search_term_string"}}],"inLanguage":"en-US"},{"@type":"Organization","@id":"https:\/\/www.huitres-st-vaast.com\/#organization","name":"Hu\u00eetres H\u00e9lie","url":"https:\/\/www.huitres-st-vaast.com\/","logo":{"@type":"ImageObject","inLanguage":"en-US","@id":"https:\/\/www.huitres-st-vaast.com\/#\/schema\/logo\/image\/","url":"https:\/\/www.huitres-st-vaast.com\/wp-content\/uploads\/2024\/11\/logo.webp","contentUrl":"https:\/\/www.huitres-st-vaast.com\/wp-content\/uploads\/2024\/11\/logo.webp","width":645,"height":337,"caption":"Hu\u00eetres H\u00e9lie"},"image":{"@id":"https:\/\/www.huitres-st-vaast.com\/#\/schema\/logo\/image\/"},"sameAs":["https:\/\/www.facebook.com\/huitreshelie","https:\/\/www.instagram.com\/huitres_helie","https:\/\/www.youtube.com\/channel\/UC9EJR2gJXzsMPxr9Ph4nf2A"]},{"@type":"Person","@id":"https:\/\/www.huitres-st-vaast.com\/#\/schema\/person\/ed21d0a9deb22fda5cb5a0094a86a53f","name":"admin","image":{"@type":"ImageObject","inLanguage":"en-US","@id":"https:\/\/secure.gravatar.com\/avatar\/b7f05c381d7d21bc9fc399fdf165d35a793576e609122a1f6c8ba6d23232a4e8?s=96&d=mm&r=g","url":"https:\/\/secure.gravatar.com\/avatar\/b7f05c381d7d21bc9fc399fdf165d35a793576e609122a1f6c8ba6d23232a4e8?s=96&d=mm&r=g","contentUrl":"https:\/\/secure.gravatar.com\/avatar\/b7f05c381d7d21bc9fc399fdf165d35a793576e609122a1f6c8ba6d23232a4e8?s=96&d=mm&r=g","caption":"admin"}}]}},"_links":{"self":[{"href":"https:\/\/www.huitres-st-vaast.com\/en\/wp-json\/wp\/v2\/posts\/1045","targetHints":{"allow":["GET"]}}],"collection":[{"href":"https:\/\/www.huitres-st-vaast.com\/en\/wp-json\/wp\/v2\/posts"}],"about":[{"href":"https:\/\/www.huitres-st-vaast.com\/en\/wp-json\/wp\/v2\/types\/post"}],"author":[{"embeddable":true,"href":"https:\/\/www.huitres-st-vaast.com\/en\/wp-json\/wp\/v2\/users\/1"}],"replies":[{"embeddable":true,"href":"https:\/\/www.huitres-st-vaast.com\/en\/wp-json\/wp\/v2\/comments?post=1045"}],"version-history":[{"count":1,"href":"https:\/\/www.huitres-st-vaast.com\/en\/wp-json\/wp\/v2\/posts\/1045\/revisions"}],"predecessor-version":[{"id":1046,"href":"https:\/\/www.huitres-st-vaast.com\/en\/wp-json\/wp\/v2\/posts\/1045\/revisions\/1046"}],"wp:featuredmedia":[{"embeddable":true,"href":"https:\/\/www.huitres-st-vaast.com\/en\/wp-json\/wp\/v2\/media\/392"}],"wp:attachment":[{"href":"https:\/\/www.huitres-st-vaast.com\/en\/wp-json\/wp\/v2\/media?parent=1045"}],"wp:term":[{"taxonomy":"category","embeddable":true,"href":"https:\/\/www.huitres-st-vaast.com\/en\/wp-json\/wp\/v2\/categories?post=1045"},{"taxonomy":"post_tag","embeddable":true,"href":"https:\/\/www.huitres-st-vaast.com\/en\/wp-json\/wp\/v2\/tags?post=1045"}],"curies":[{"name":"wp","href":"https:\/\/api.w.org\/{rel}","templated":true}]}}