{"id":1147,"date":"2019-04-09T07:11:44","date_gmt":"2019-04-09T06:11:44","guid":{"rendered":"https:\/\/www.huitres-st-vaast.com\/?p=1147"},"modified":"2019-04-09T07:11:44","modified_gmt":"2019-04-09T06:11:44","slug":"ministre-affaires-europennes","status":"publish","type":"post","link":"https:\/\/www.huitres-st-vaast.com\/en\/ministre-affaires-europennes\/","title":{"rendered":"Visite de Nathalie Loiseau &#8211; Ministre des Affaires europ\u00e9ennes"},"content":{"rendered":"<p>&#8220;Nathalie\u00a0<em>Loiseau<\/em>, ministre des affaires europ\u00e9ennes, \u00e0 Saint-Vaast-La-Hougue, aux\u00a0<em>Hu\u00eetres H\u00e9lie&#8221; comment\u00e9e d\u00e9but mars le journal La Manche Libre.<\/em><\/p>\n<p>Fiers d&#8217;avoir re\u00e7u Nathalie Loiseau dans notre entreprise, nous avons pu lui faire d\u00e9couvrir notre savoir-faire au travers de la visite \/ d\u00e9gustation.<\/p>\n<p>D\u00e9couvrez l&#8217;article dans son int\u00e9gralit\u00e9 sur\u00a0<a href=\"https:\/\/www.francebleu.fr\/infos\/agriculture-peche\/la-ministre-chargee-des-affaires-europeennes-en-visite-dans-la-manche-1551375848\" target=\"_blank\" rel=\"noopener\">www.francebleu.fr<\/a>\u00a0dont on vous cite un extrait ci-dessous :<\/p>\n<p>&#8220;[&#8230;]Il y avait aussi des repr\u00e9sentants de la fili\u00e8re, des d\u00e9put\u00e9s, s\u00e9nateurs et \u00e9lus locaux. Apr\u00e8s la visite et les bonnes choses il a aussi fallu parler de celles qui f\u00e2chent[&#8230;]&#8221;<\/p>\n","protected":false},"excerpt":{"rendered":"<p>&#8220;Nathalie\u00a0Loiseau, ministre des affaires europ\u00e9ennes, \u00e0 Saint-Vaast-La-Hougue, aux\u00a0Hu\u00eetres H\u00e9lie&#8221; comment\u00e9e d\u00e9but mars le journal La Manche Libre. Fiers d&#8217;avoir re\u00e7u Nathalie Loiseau dans notre entreprise, nous avons pu lui faire d\u00e9couvrir notre savoir-faire au travers de la visite \/ d\u00e9gustation. D\u00e9couvrez l&#8217;article dans son int\u00e9gralit\u00e9 sur\u00a0www.francebleu.fr\u00a0dont on vous cite un extrait ci-dessous : &#8220;[&#8230;]Il y [&hellip;]<\/p>\n","protected":false},"author":1,"featured_media":1148,"comment_status":"closed","ping_status":"closed","sticky":false,"template":"","format":"standard","meta":{"footnotes":""},"categories":[1,4],"tags":[],"class_list":["post-1147","post","type-post","status-publish","format-standard","has-post-thumbnail","hentry","category-actualites","category-presse"],"yoast_head":"<!-- This site is optimized with the Yoast SEO plugin v27.5 - https:\/\/yoast.com\/product\/yoast-seo-wordpress\/ -->\n<title>Visite de Nathalie Loiseau - Ministre des Affaires europ\u00e9ennes - Hu\u00eetres H\u00e9lie<\/title>\n<meta name=\"description\" content=\"D\u00e9couvrez les articles de presse suite \u00e0 la visite de Nathalie Loiseau, ministre des affaires europ\u00e9ennes, dans notre entreprise, Hu\u00eetres H\u00e9lie \u00e0 St Vaast\" \/>\n<meta name=\"robots\" content=\"index, follow, max-snippet:-1, max-image-preview:large, max-video-preview:-1\" \/>\n<link rel=\"canonical\" href=\"https:\/\/www.huitres-st-vaast.com\/ministre-affaires-europennes\/\" \/>\n<meta property=\"og:locale\" content=\"en_US\" \/>\n<meta property=\"og:type\" content=\"article\" \/>\n<meta property=\"og:title\" content=\"Visite de Nathalie Loiseau - Ministre des Affaires europ\u00e9ennes - Hu\u00eetres H\u00e9lie\" \/>\n<meta property=\"og:description\" content=\"D\u00e9couvrez les articles de presse suite \u00e0 la visite de Nathalie Loiseau, ministre des affaires europ\u00e9ennes, dans notre entreprise, Hu\u00eetres H\u00e9lie \u00e0 St Vaast\" \/>\n<meta property=\"og:url\" content=\"https:\/\/www.huitres-st-vaast.com\/ministre-affaires-europennes\/\" \/>\n<meta property=\"og:site_name\" content=\"Hu\u00eetres H\u00e9lie\" \/>\n<meta property=\"article:publisher\" content=\"https:\/\/www.facebook.com\/huitreshelie\" \/>\n<meta property=\"article:published_time\" content=\"2019-04-09T06:11:44+00:00\" \/>\n<meta property=\"og:image\" content=\"https:\/\/www.huitres-st-vaast.com\/wp-content\/uploads\/2019\/04\/loiseau.jpg\" \/>\n\t<meta property=\"og:image:width\" content=\"830\" \/>\n\t<meta property=\"og:image:height\" content=\"400\" \/>\n\t<meta property=\"og:image:type\" content=\"image\/jpeg\" \/>\n<meta name=\"author\" content=\"admin\" \/>\n<meta name=\"twitter:card\" content=\"summary_large_image\" \/>\n<meta name=\"twitter:label1\" content=\"Written by\" \/>\n\t<meta name=\"twitter:data1\" content=\"admin\" \/>\n\t<meta name=\"twitter:label2\" content=\"Est. reading time\" \/>\n\t<meta name=\"twitter:data2\" content=\"1 minute\" \/>\n<script type=\"application\/ld+json\" class=\"yoast-schema-graph\">{\"@context\":\"https:\\\/\\\/schema.org\",\"@graph\":[{\"@type\":\"Article\",\"@id\":\"https:\\\/\\\/www.huitres-st-vaast.com\\\/ministre-affaires-europennes\\\/#article\",\"isPartOf\":{\"@id\":\"https:\\\/\\\/www.huitres-st-vaast.com\\\/ministre-affaires-europennes\\\/\"},\"author\":{\"name\":\"admin\",\"@id\":\"https:\\\/\\\/www.huitres-st-vaast.com\\\/#\\\/schema\\\/person\\\/ed21d0a9deb22fda5cb5a0094a86a53f\"},\"headline\":\"Visite de Nathalie Loiseau &#8211; Ministre des Affaires europ\u00e9ennes\",\"datePublished\":\"2019-04-09T06:11:44+00:00\",\"mainEntityOfPage\":{\"@id\":\"https:\\\/\\\/www.huitres-st-vaast.com\\\/ministre-affaires-europennes\\\/\"},\"wordCount\":116,\"publisher\":{\"@id\":\"https:\\\/\\\/www.huitres-st-vaast.com\\\/#organization\"},\"image\":{\"@id\":\"https:\\\/\\\/www.huitres-st-vaast.com\\\/ministre-affaires-europennes\\\/#primaryimage\"},\"thumbnailUrl\":\"https:\\\/\\\/www.huitres-st-vaast.com\\\/wp-content\\\/uploads\\\/2019\\\/04\\\/loiseau.jpg\",\"articleSection\":[\"Actualit\u00e9s\",\"Presse\"],\"inLanguage\":\"en-US\"},{\"@type\":\"WebPage\",\"@id\":\"https:\\\/\\\/www.huitres-st-vaast.com\\\/ministre-affaires-europennes\\\/\",\"url\":\"https:\\\/\\\/www.huitres-st-vaast.com\\\/ministre-affaires-europennes\\\/\",\"name\":\"Visite de Nathalie Loiseau - Ministre des Affaires europ\u00e9ennes - Hu\u00eetres H\u00e9lie\",\"isPartOf\":{\"@id\":\"https:\\\/\\\/www.huitres-st-vaast.com\\\/#website\"},\"primaryImageOfPage\":{\"@id\":\"https:\\\/\\\/www.huitres-st-vaast.com\\\/ministre-affaires-europennes\\\/#primaryimage\"},\"image\":{\"@id\":\"https:\\\/\\\/www.huitres-st-vaast.com\\\/ministre-affaires-europennes\\\/#primaryimage\"},\"thumbnailUrl\":\"https:\\\/\\\/www.huitres-st-vaast.com\\\/wp-content\\\/uploads\\\/2019\\\/04\\\/loiseau.jpg\",\"datePublished\":\"2019-04-09T06:11:44+00:00\",\"description\":\"D\u00e9couvrez les articles de presse suite \u00e0 la visite de Nathalie Loiseau, ministre des affaires europ\u00e9ennes, dans notre entreprise, Hu\u00eetres H\u00e9lie \u00e0 St Vaast\",\"breadcrumb\":{\"@id\":\"https:\\\/\\\/www.huitres-st-vaast.com\\\/ministre-affaires-europennes\\\/#breadcrumb\"},\"inLanguage\":\"en-US\",\"potentialAction\":[{\"@type\":\"ReadAction\",\"target\":[\"https:\\\/\\\/www.huitres-st-vaast.com\\\/ministre-affaires-europennes\\\/\"]}]},{\"@type\":\"ImageObject\",\"inLanguage\":\"en-US\",\"@id\":\"https:\\\/\\\/www.huitres-st-vaast.com\\\/ministre-affaires-europennes\\\/#primaryimage\",\"url\":\"https:\\\/\\\/www.huitres-st-vaast.com\\\/wp-content\\\/uploads\\\/2019\\\/04\\\/loiseau.jpg\",\"contentUrl\":\"https:\\\/\\\/www.huitres-st-vaast.com\\\/wp-content\\\/uploads\\\/2019\\\/04\\\/loiseau.jpg\",\"width\":830,\"height\":400},{\"@type\":\"BreadcrumbList\",\"@id\":\"https:\\\/\\\/www.huitres-st-vaast.com\\\/ministre-affaires-europennes\\\/#breadcrumb\",\"itemListElement\":[{\"@type\":\"ListItem\",\"position\":1,\"name\":\"Accueil\",\"item\":\"https:\\\/\\\/www.huitres-st-vaast.com\\\/\"},{\"@type\":\"ListItem\",\"position\":2,\"name\":\"Visite de Nathalie Loiseau &#8211; Ministre des Affaires europ\u00e9ennes\"}]},{\"@type\":\"WebSite\",\"@id\":\"https:\\\/\\\/www.huitres-st-vaast.com\\\/#website\",\"url\":\"https:\\\/\\\/www.huitres-st-vaast.com\\\/\",\"name\":\"Hu\u00eetres H\u00e9lie\",\"description\":\"Hu\u00eetres fraiches de Normandie\",\"publisher\":{\"@id\":\"https:\\\/\\\/www.huitres-st-vaast.com\\\/#organization\"},\"potentialAction\":[{\"@type\":\"SearchAction\",\"target\":{\"@type\":\"EntryPoint\",\"urlTemplate\":\"https:\\\/\\\/www.huitres-st-vaast.com\\\/?s={search_term_string}\"},\"query-input\":{\"@type\":\"PropertyValueSpecification\",\"valueRequired\":true,\"valueName\":\"search_term_string\"}}],\"inLanguage\":\"en-US\"},{\"@type\":\"Organization\",\"@id\":\"https:\\\/\\\/www.huitres-st-vaast.com\\\/#organization\",\"name\":\"Hu\u00eetres H\u00e9lie\",\"url\":\"https:\\\/\\\/www.huitres-st-vaast.com\\\/\",\"logo\":{\"@type\":\"ImageObject\",\"inLanguage\":\"en-US\",\"@id\":\"https:\\\/\\\/www.huitres-st-vaast.com\\\/#\\\/schema\\\/logo\\\/image\\\/\",\"url\":\"https:\\\/\\\/www.huitres-st-vaast.com\\\/wp-content\\\/uploads\\\/2024\\\/11\\\/logo.webp\",\"contentUrl\":\"https:\\\/\\\/www.huitres-st-vaast.com\\\/wp-content\\\/uploads\\\/2024\\\/11\\\/logo.webp\",\"width\":645,\"height\":337,\"caption\":\"Hu\u00eetres H\u00e9lie\"},\"image\":{\"@id\":\"https:\\\/\\\/www.huitres-st-vaast.com\\\/#\\\/schema\\\/logo\\\/image\\\/\"},\"sameAs\":[\"https:\\\/\\\/www.facebook.com\\\/huitreshelie\",\"https:\\\/\\\/www.instagram.com\\\/huitres_helie\",\"https:\\\/\\\/www.youtube.com\\\/channel\\\/UC9EJR2gJXzsMPxr9Ph4nf2A\"]},{\"@type\":\"Person\",\"@id\":\"https:\\\/\\\/www.huitres-st-vaast.com\\\/#\\\/schema\\\/person\\\/ed21d0a9deb22fda5cb5a0094a86a53f\",\"name\":\"admin\",\"image\":{\"@type\":\"ImageObject\",\"inLanguage\":\"en-US\",\"@id\":\"https:\\\/\\\/secure.gravatar.com\\\/avatar\\\/b7f05c381d7d21bc9fc399fdf165d35a793576e609122a1f6c8ba6d23232a4e8?s=96&d=mm&r=g\",\"url\":\"https:\\\/\\\/secure.gravatar.com\\\/avatar\\\/b7f05c381d7d21bc9fc399fdf165d35a793576e609122a1f6c8ba6d23232a4e8?s=96&d=mm&r=g\",\"contentUrl\":\"https:\\\/\\\/secure.gravatar.com\\\/avatar\\\/b7f05c381d7d21bc9fc399fdf165d35a793576e609122a1f6c8ba6d23232a4e8?s=96&d=mm&r=g\",\"caption\":\"admin\"}}]}<\/script>\n<!-- \/ Yoast SEO plugin. -->","yoast_head_json":{"title":"Visite de Nathalie Loiseau - Ministre des Affaires europ\u00e9ennes - Hu\u00eetres H\u00e9lie","description":"D\u00e9couvrez les articles de presse suite \u00e0 la visite de Nathalie Loiseau, ministre des affaires europ\u00e9ennes, dans notre entreprise, Hu\u00eetres H\u00e9lie \u00e0 St Vaast","robots":{"index":"index","follow":"follow","max-snippet":"max-snippet:-1","max-image-preview":"max-image-preview:large","max-video-preview":"max-video-preview:-1"},"canonical":"https:\/\/www.huitres-st-vaast.com\/ministre-affaires-europennes\/","og_locale":"en_US","og_type":"article","og_title":"Visite de Nathalie Loiseau - Ministre des Affaires europ\u00e9ennes - Hu\u00eetres H\u00e9lie","og_description":"D\u00e9couvrez les articles de presse suite \u00e0 la visite de Nathalie Loiseau, ministre des affaires europ\u00e9ennes, dans notre entreprise, Hu\u00eetres H\u00e9lie \u00e0 St Vaast","og_url":"https:\/\/www.huitres-st-vaast.com\/ministre-affaires-europennes\/","og_site_name":"Hu\u00eetres H\u00e9lie","article_publisher":"https:\/\/www.facebook.com\/huitreshelie","article_published_time":"2019-04-09T06:11:44+00:00","og_image":[{"width":830,"height":400,"url":"https:\/\/www.huitres-st-vaast.com\/wp-content\/uploads\/2019\/04\/loiseau.jpg","type":"image\/jpeg"}],"author":"admin","twitter_card":"summary_large_image","twitter_misc":{"Written by":"admin","Est. reading time":"1 minute"},"schema":{"@context":"https:\/\/schema.org","@graph":[{"@type":"Article","@id":"https:\/\/www.huitres-st-vaast.com\/ministre-affaires-europennes\/#article","isPartOf":{"@id":"https:\/\/www.huitres-st-vaast.com\/ministre-affaires-europennes\/"},"author":{"name":"admin","@id":"https:\/\/www.huitres-st-vaast.com\/#\/schema\/person\/ed21d0a9deb22fda5cb5a0094a86a53f"},"headline":"Visite de Nathalie Loiseau &#8211; Ministre des Affaires europ\u00e9ennes","datePublished":"2019-04-09T06:11:44+00:00","mainEntityOfPage":{"@id":"https:\/\/www.huitres-st-vaast.com\/ministre-affaires-europennes\/"},"wordCount":116,"publisher":{"@id":"https:\/\/www.huitres-st-vaast.com\/#organization"},"image":{"@id":"https:\/\/www.huitres-st-vaast.com\/ministre-affaires-europennes\/#primaryimage"},"thumbnailUrl":"https:\/\/www.huitres-st-vaast.com\/wp-content\/uploads\/2019\/04\/loiseau.jpg","articleSection":["Actualit\u00e9s","Presse"],"inLanguage":"en-US"},{"@type":"WebPage","@id":"https:\/\/www.huitres-st-vaast.com\/ministre-affaires-europennes\/","url":"https:\/\/www.huitres-st-vaast.com\/ministre-affaires-europennes\/","name":"Visite de Nathalie Loiseau - Ministre des Affaires europ\u00e9ennes - Hu\u00eetres H\u00e9lie","isPartOf":{"@id":"https:\/\/www.huitres-st-vaast.com\/#website"},"primaryImageOfPage":{"@id":"https:\/\/www.huitres-st-vaast.com\/ministre-affaires-europennes\/#primaryimage"},"image":{"@id":"https:\/\/www.huitres-st-vaast.com\/ministre-affaires-europennes\/#primaryimage"},"thumbnailUrl":"https:\/\/www.huitres-st-vaast.com\/wp-content\/uploads\/2019\/04\/loiseau.jpg","datePublished":"2019-04-09T06:11:44+00:00","description":"D\u00e9couvrez les articles de presse suite \u00e0 la visite de Nathalie Loiseau, ministre des affaires europ\u00e9ennes, dans notre entreprise, Hu\u00eetres H\u00e9lie \u00e0 St Vaast","breadcrumb":{"@id":"https:\/\/www.huitres-st-vaast.com\/ministre-affaires-europennes\/#breadcrumb"},"inLanguage":"en-US","potentialAction":[{"@type":"ReadAction","target":["https:\/\/www.huitres-st-vaast.com\/ministre-affaires-europennes\/"]}]},{"@type":"ImageObject","inLanguage":"en-US","@id":"https:\/\/www.huitres-st-vaast.com\/ministre-affaires-europennes\/#primaryimage","url":"https:\/\/www.huitres-st-vaast.com\/wp-content\/uploads\/2019\/04\/loiseau.jpg","contentUrl":"https:\/\/www.huitres-st-vaast.com\/wp-content\/uploads\/2019\/04\/loiseau.jpg","width":830,"height":400},{"@type":"BreadcrumbList","@id":"https:\/\/www.huitres-st-vaast.com\/ministre-affaires-europennes\/#breadcrumb","itemListElement":[{"@type":"ListItem","position":1,"name":"Accueil","item":"https:\/\/www.huitres-st-vaast.com\/"},{"@type":"ListItem","position":2,"name":"Visite de Nathalie Loiseau &#8211; Ministre des Affaires europ\u00e9ennes"}]},{"@type":"WebSite","@id":"https:\/\/www.huitres-st-vaast.com\/#website","url":"https:\/\/www.huitres-st-vaast.com\/","name":"Hu\u00eetres H\u00e9lie","description":"Hu\u00eetres fraiches de Normandie","publisher":{"@id":"https:\/\/www.huitres-st-vaast.com\/#organization"},"potentialAction":[{"@type":"SearchAction","target":{"@type":"EntryPoint","urlTemplate":"https:\/\/www.huitres-st-vaast.com\/?s={search_term_string}"},"query-input":{"@type":"PropertyValueSpecification","valueRequired":true,"valueName":"search_term_string"}}],"inLanguage":"en-US"},{"@type":"Organization","@id":"https:\/\/www.huitres-st-vaast.com\/#organization","name":"Hu\u00eetres H\u00e9lie","url":"https:\/\/www.huitres-st-vaast.com\/","logo":{"@type":"ImageObject","inLanguage":"en-US","@id":"https:\/\/www.huitres-st-vaast.com\/#\/schema\/logo\/image\/","url":"https:\/\/www.huitres-st-vaast.com\/wp-content\/uploads\/2024\/11\/logo.webp","contentUrl":"https:\/\/www.huitres-st-vaast.com\/wp-content\/uploads\/2024\/11\/logo.webp","width":645,"height":337,"caption":"Hu\u00eetres H\u00e9lie"},"image":{"@id":"https:\/\/www.huitres-st-vaast.com\/#\/schema\/logo\/image\/"},"sameAs":["https:\/\/www.facebook.com\/huitreshelie","https:\/\/www.instagram.com\/huitres_helie","https:\/\/www.youtube.com\/channel\/UC9EJR2gJXzsMPxr9Ph4nf2A"]},{"@type":"Person","@id":"https:\/\/www.huitres-st-vaast.com\/#\/schema\/person\/ed21d0a9deb22fda5cb5a0094a86a53f","name":"admin","image":{"@type":"ImageObject","inLanguage":"en-US","@id":"https:\/\/secure.gravatar.com\/avatar\/b7f05c381d7d21bc9fc399fdf165d35a793576e609122a1f6c8ba6d23232a4e8?s=96&d=mm&r=g","url":"https:\/\/secure.gravatar.com\/avatar\/b7f05c381d7d21bc9fc399fdf165d35a793576e609122a1f6c8ba6d23232a4e8?s=96&d=mm&r=g","contentUrl":"https:\/\/secure.gravatar.com\/avatar\/b7f05c381d7d21bc9fc399fdf165d35a793576e609122a1f6c8ba6d23232a4e8?s=96&d=mm&r=g","caption":"admin"}}]}},"_links":{"self":[{"href":"https:\/\/www.huitres-st-vaast.com\/en\/wp-json\/wp\/v2\/posts\/1147","targetHints":{"allow":["GET"]}}],"collection":[{"href":"https:\/\/www.huitres-st-vaast.com\/en\/wp-json\/wp\/v2\/posts"}],"about":[{"href":"https:\/\/www.huitres-st-vaast.com\/en\/wp-json\/wp\/v2\/types\/post"}],"author":[{"embeddable":true,"href":"https:\/\/www.huitres-st-vaast.com\/en\/wp-json\/wp\/v2\/users\/1"}],"replies":[{"embeddable":true,"href":"https:\/\/www.huitres-st-vaast.com\/en\/wp-json\/wp\/v2\/comments?post=1147"}],"version-history":[{"count":1,"href":"https:\/\/www.huitres-st-vaast.com\/en\/wp-json\/wp\/v2\/posts\/1147\/revisions"}],"predecessor-version":[{"id":1151,"href":"https:\/\/www.huitres-st-vaast.com\/en\/wp-json\/wp\/v2\/posts\/1147\/revisions\/1151"}],"wp:featuredmedia":[{"embeddable":true,"href":"https:\/\/www.huitres-st-vaast.com\/en\/wp-json\/wp\/v2\/media\/1148"}],"wp:attachment":[{"href":"https:\/\/www.huitres-st-vaast.com\/en\/wp-json\/wp\/v2\/media?parent=1147"}],"wp:term":[{"taxonomy":"category","embeddable":true,"href":"https:\/\/www.huitres-st-vaast.com\/en\/wp-json\/wp\/v2\/categories?post=1147"},{"taxonomy":"post_tag","embeddable":true,"href":"https:\/\/www.huitres-st-vaast.com\/en\/wp-json\/wp\/v2\/tags?post=1147"}],"curies":[{"name":"wp","href":"https:\/\/api.w.org\/{rel}","templated":true}]}}