{"id":4239,"date":"2024-11-20T17:59:51","date_gmt":"2024-11-20T16:59:51","guid":{"rendered":"https:\/\/www.huitres-st-vaast.com\/?p=4239"},"modified":"2024-11-20T18:00:01","modified_gmt":"2024-11-20T17:00:01","slug":"la-classe-verte-des-chefs","status":"publish","type":"post","link":"https:\/\/www.huitres-st-vaast.com\/en\/la-classe-verte-des-chefs\/","title":{"rendered":"La Classe Verte des Chefs 2024"},"content":{"rendered":"\n<p>Retour en image sur nos quelques jours dans le Perche pour la <strong>Classe Verte des Chefs<\/strong>, un \u00e9v\u00e8nements qui rassemble pr\u00e8s de 180 chef\/fes pour parler gastronomie !<br>Merci aux organisateurs, partenaires et autres participants pour cette journ\u00e9e riche en d\u00e9couvertes !<\/p>\n\n\n\n<figure class=\"wp-block-gallery has-nested-images columns-default is-cropped wp-block-gallery-1 is-layout-flex wp-block-gallery-is-layout-flex\">\n<figure class=\"wp-block-image size-large\"><img fetchpriority=\"high\" decoding=\"async\" width=\"640\" height=\"800\" data-id=\"4257\" src=\"https:\/\/www.huitres-st-vaast.com\/wp-content\/uploads\/2024\/11\/466046743_18114921796412109_1312673287503674202_n.jpg\" alt=\"\" class=\"wp-image-4257\" srcset=\"https:\/\/www.huitres-st-vaast.com\/wp-content\/uploads\/2024\/11\/466046743_18114921796412109_1312673287503674202_n.jpg 640w, https:\/\/www.huitres-st-vaast.com\/wp-content\/uploads\/2024\/11\/466046743_18114921796412109_1312673287503674202_n-400x500.jpg 400w\" sizes=\"(max-width: 640px) 100vw, 640px\" \/><\/figure>\n\n\n\n<figure class=\"wp-block-image size-large\"><img decoding=\"async\" width=\"880\" height=\"1100\" data-id=\"4249\" src=\"https:\/\/www.huitres-st-vaast.com\/wp-content\/uploads\/2024\/11\/466378333_18114921778412109_3820454175807772539_n-880x1100.jpg\" alt=\"\" class=\"wp-image-4249\" srcset=\"https:\/\/www.huitres-st-vaast.com\/wp-content\/uploads\/2024\/11\/466378333_18114921778412109_3820454175807772539_n-880x1100.jpg 880w, https:\/\/www.huitres-st-vaast.com\/wp-content\/uploads\/2024\/11\/466378333_18114921778412109_3820454175807772539_n-400x500.jpg 400w, https:\/\/www.huitres-st-vaast.com\/wp-content\/uploads\/2024\/11\/466378333_18114921778412109_3820454175807772539_n-1229x1536.jpg 1229w, https:\/\/www.huitres-st-vaast.com\/wp-content\/uploads\/2024\/11\/466378333_18114921778412109_3820454175807772539_n-1000x1250.jpg 1000w, https:\/\/www.huitres-st-vaast.com\/wp-content\/uploads\/2024\/11\/466378333_18114921778412109_3820454175807772539_n.jpg 1440w\" sizes=\"(max-width: 880px) 100vw, 880px\" \/><\/figure>\n\n\n\n<figure class=\"wp-block-image size-large\"><img decoding=\"async\" width=\"640\" height=\"800\" data-id=\"4251\" src=\"https:\/\/www.huitres-st-vaast.com\/wp-content\/uploads\/2024\/11\/466409898_18114921814412109_7816616624434415733_n.jpg\" alt=\"\" class=\"wp-image-4251\" srcset=\"https:\/\/www.huitres-st-vaast.com\/wp-content\/uploads\/2024\/11\/466409898_18114921814412109_7816616624434415733_n.jpg 640w, https:\/\/www.huitres-st-vaast.com\/wp-content\/uploads\/2024\/11\/466409898_18114921814412109_7816616624434415733_n-400x500.jpg 400w\" sizes=\"(max-width: 640px) 100vw, 640px\" \/><\/figure>\n\n\n\n<figure class=\"wp-block-image size-large\"><img loading=\"lazy\" decoding=\"async\" width=\"640\" height=\"800\" data-id=\"4250\" src=\"https:\/\/www.huitres-st-vaast.com\/wp-content\/uploads\/2024\/11\/466429999_18114921787412109_6435661804040193021_n.jpg\" alt=\"\" class=\"wp-image-4250\" srcset=\"https:\/\/www.huitres-st-vaast.com\/wp-content\/uploads\/2024\/11\/466429999_18114921787412109_6435661804040193021_n.jpg 640w, https:\/\/www.huitres-st-vaast.com\/wp-content\/uploads\/2024\/11\/466429999_18114921787412109_6435661804040193021_n-400x500.jpg 400w\" sizes=\"(max-width: 640px) 100vw, 640px\" \/><\/figure>\n\n\n\n<figure class=\"wp-block-image size-large\"><img loading=\"lazy\" decoding=\"async\" width=\"882\" height=\"1100\" data-id=\"4254\" src=\"https:\/\/www.huitres-st-vaast.com\/wp-content\/uploads\/2024\/11\/466581561_18114921823412109_7214081688010060363_n-882x1100.jpg\" alt=\"\" class=\"wp-image-4254\" srcset=\"https:\/\/www.huitres-st-vaast.com\/wp-content\/uploads\/2024\/11\/466581561_18114921823412109_7214081688010060363_n-882x1100.jpg 882w, https:\/\/www.huitres-st-vaast.com\/wp-content\/uploads\/2024\/11\/466581561_18114921823412109_7214081688010060363_n-401x500.jpg 401w, https:\/\/www.huitres-st-vaast.com\/wp-content\/uploads\/2024\/11\/466581561_18114921823412109_7214081688010060363_n-1232x1536.jpg 1232w, https:\/\/www.huitres-st-vaast.com\/wp-content\/uploads\/2024\/11\/466581561_18114921823412109_7214081688010060363_n-1000x1247.jpg 1000w, https:\/\/www.huitres-st-vaast.com\/wp-content\/uploads\/2024\/11\/466581561_18114921823412109_7214081688010060363_n.jpg 1440w\" sizes=\"(max-width: 882px) 100vw, 882px\" \/><\/figure>\n\n\n\n<figure class=\"wp-block-image size-large\"><img loading=\"lazy\" decoding=\"async\" width=\"640\" height=\"800\" data-id=\"4263\" src=\"https:\/\/www.huitres-st-vaast.com\/wp-content\/uploads\/2024\/11\/466929355_18114921805412109_5258179547315411944_n.jpg\" alt=\"\" class=\"wp-image-4263\" srcset=\"https:\/\/www.huitres-st-vaast.com\/wp-content\/uploads\/2024\/11\/466929355_18114921805412109_5258179547315411944_n.jpg 640w, https:\/\/www.huitres-st-vaast.com\/wp-content\/uploads\/2024\/11\/466929355_18114921805412109_5258179547315411944_n-400x500.jpg 400w\" sizes=\"(max-width: 640px) 100vw, 640px\" \/><\/figure>\n<\/figure>\n","protected":false},"excerpt":{"rendered":"<p>Retour en image sur nos quelques jours dans le Perche pour la Classe Verte des Chefs, un \u00e9v\u00e8nements qui rassemble pr\u00e8s de 180 chef\/fes pour parler gastronomie !Merci aux organisateurs, partenaires et autres participants pour cette journ\u00e9e riche en d\u00e9couvertes !<\/p>\n","protected":false},"author":1,"featured_media":4249,"comment_status":"closed","ping_status":"closed","sticky":false,"template":"","format":"standard","meta":{"footnotes":""},"categories":[1],"tags":[],"class_list":["post-4239","post","type-post","status-publish","format-standard","has-post-thumbnail","hentry","category-actualites"],"yoast_head":"<!-- This site is optimized with the Yoast SEO plugin v27.5 - https:\/\/yoast.com\/product\/yoast-seo-wordpress\/ -->\n<title>La Classe Verte des Chefs 2024 - Hu\u00eetres H\u00e9lie<\/title>\n<meta name=\"robots\" content=\"index, follow, max-snippet:-1, max-image-preview:large, max-video-preview:-1\" \/>\n<link rel=\"canonical\" href=\"https:\/\/www.huitres-st-vaast.com\/la-classe-verte-des-chefs\/\" \/>\n<meta property=\"og:locale\" content=\"en_US\" \/>\n<meta property=\"og:type\" content=\"article\" \/>\n<meta property=\"og:title\" content=\"La Classe Verte des Chefs 2024 - Hu\u00eetres H\u00e9lie\" \/>\n<meta property=\"og:description\" content=\"Retour en image sur nos quelques jours dans le Perche pour la Classe Verte des Chefs, un \u00e9v\u00e8nements qui rassemble pr\u00e8s de 180 chef\/fes pour parler gastronomie !Merci aux organisateurs, partenaires et autres participants pour cette journ\u00e9e riche en d\u00e9couvertes !\" \/>\n<meta property=\"og:url\" content=\"https:\/\/www.huitres-st-vaast.com\/la-classe-verte-des-chefs\/\" \/>\n<meta property=\"og:site_name\" content=\"Hu\u00eetres H\u00e9lie\" \/>\n<meta property=\"article:publisher\" content=\"https:\/\/www.facebook.com\/huitreshelie\" \/>\n<meta property=\"article:published_time\" content=\"2024-11-20T16:59:51+00:00\" \/>\n<meta property=\"article:modified_time\" content=\"2024-11-20T17:00:01+00:00\" \/>\n<meta property=\"og:image\" content=\"https:\/\/www.huitres-st-vaast.com\/wp-content\/uploads\/2024\/11\/466378333_18114921778412109_3820454175807772539_n.jpg\" \/>\n\t<meta property=\"og:image:width\" content=\"1440\" \/>\n\t<meta property=\"og:image:height\" content=\"1800\" \/>\n\t<meta property=\"og:image:type\" content=\"image\/jpeg\" \/>\n<meta name=\"author\" content=\"admin\" \/>\n<meta name=\"twitter:card\" content=\"summary_large_image\" \/>\n<meta name=\"twitter:label1\" content=\"Written by\" \/>\n\t<meta name=\"twitter:data1\" content=\"admin\" \/>\n\t<meta name=\"twitter:label2\" content=\"Est. reading time\" \/>\n\t<meta name=\"twitter:data2\" content=\"2 minutes\" \/>\n<script type=\"application\/ld+json\" class=\"yoast-schema-graph\">{\"@context\":\"https:\\\/\\\/schema.org\",\"@graph\":[{\"@type\":\"Article\",\"@id\":\"https:\\\/\\\/www.huitres-st-vaast.com\\\/la-classe-verte-des-chefs\\\/#article\",\"isPartOf\":{\"@id\":\"https:\\\/\\\/www.huitres-st-vaast.com\\\/la-classe-verte-des-chefs\\\/\"},\"author\":{\"name\":\"admin\",\"@id\":\"https:\\\/\\\/www.huitres-st-vaast.com\\\/#\\\/schema\\\/person\\\/ed21d0a9deb22fda5cb5a0094a86a53f\"},\"headline\":\"La Classe Verte des Chefs 2024\",\"datePublished\":\"2024-11-20T16:59:51+00:00\",\"dateModified\":\"2024-11-20T17:00:01+00:00\",\"mainEntityOfPage\":{\"@id\":\"https:\\\/\\\/www.huitres-st-vaast.com\\\/la-classe-verte-des-chefs\\\/\"},\"wordCount\":49,\"publisher\":{\"@id\":\"https:\\\/\\\/www.huitres-st-vaast.com\\\/#organization\"},\"image\":{\"@id\":\"https:\\\/\\\/www.huitres-st-vaast.com\\\/la-classe-verte-des-chefs\\\/#primaryimage\"},\"thumbnailUrl\":\"https:\\\/\\\/www.huitres-st-vaast.com\\\/wp-content\\\/uploads\\\/2024\\\/11\\\/466378333_18114921778412109_3820454175807772539_n.jpg\",\"articleSection\":[\"Actualit\u00e9s\"],\"inLanguage\":\"en-US\"},{\"@type\":\"WebPage\",\"@id\":\"https:\\\/\\\/www.huitres-st-vaast.com\\\/la-classe-verte-des-chefs\\\/\",\"url\":\"https:\\\/\\\/www.huitres-st-vaast.com\\\/la-classe-verte-des-chefs\\\/\",\"name\":\"La Classe Verte des Chefs 2024 - Hu\u00eetres H\u00e9lie\",\"isPartOf\":{\"@id\":\"https:\\\/\\\/www.huitres-st-vaast.com\\\/#website\"},\"primaryImageOfPage\":{\"@id\":\"https:\\\/\\\/www.huitres-st-vaast.com\\\/la-classe-verte-des-chefs\\\/#primaryimage\"},\"image\":{\"@id\":\"https:\\\/\\\/www.huitres-st-vaast.com\\\/la-classe-verte-des-chefs\\\/#primaryimage\"},\"thumbnailUrl\":\"https:\\\/\\\/www.huitres-st-vaast.com\\\/wp-content\\\/uploads\\\/2024\\\/11\\\/466378333_18114921778412109_3820454175807772539_n.jpg\",\"datePublished\":\"2024-11-20T16:59:51+00:00\",\"dateModified\":\"2024-11-20T17:00:01+00:00\",\"breadcrumb\":{\"@id\":\"https:\\\/\\\/www.huitres-st-vaast.com\\\/la-classe-verte-des-chefs\\\/#breadcrumb\"},\"inLanguage\":\"en-US\",\"potentialAction\":[{\"@type\":\"ReadAction\",\"target\":[\"https:\\\/\\\/www.huitres-st-vaast.com\\\/la-classe-verte-des-chefs\\\/\"]}]},{\"@type\":\"ImageObject\",\"inLanguage\":\"en-US\",\"@id\":\"https:\\\/\\\/www.huitres-st-vaast.com\\\/la-classe-verte-des-chefs\\\/#primaryimage\",\"url\":\"https:\\\/\\\/www.huitres-st-vaast.com\\\/wp-content\\\/uploads\\\/2024\\\/11\\\/466378333_18114921778412109_3820454175807772539_n.jpg\",\"contentUrl\":\"https:\\\/\\\/www.huitres-st-vaast.com\\\/wp-content\\\/uploads\\\/2024\\\/11\\\/466378333_18114921778412109_3820454175807772539_n.jpg\",\"width\":1440,\"height\":1800},{\"@type\":\"BreadcrumbList\",\"@id\":\"https:\\\/\\\/www.huitres-st-vaast.com\\\/la-classe-verte-des-chefs\\\/#breadcrumb\",\"itemListElement\":[{\"@type\":\"ListItem\",\"position\":1,\"name\":\"Accueil\",\"item\":\"https:\\\/\\\/www.huitres-st-vaast.com\\\/\"},{\"@type\":\"ListItem\",\"position\":2,\"name\":\"La Classe Verte des Chefs 2024\"}]},{\"@type\":\"WebSite\",\"@id\":\"https:\\\/\\\/www.huitres-st-vaast.com\\\/#website\",\"url\":\"https:\\\/\\\/www.huitres-st-vaast.com\\\/\",\"name\":\"Hu\u00eetres H\u00e9lie\",\"description\":\"Hu\u00eetres fraiches de Normandie\",\"publisher\":{\"@id\":\"https:\\\/\\\/www.huitres-st-vaast.com\\\/#organization\"},\"potentialAction\":[{\"@type\":\"SearchAction\",\"target\":{\"@type\":\"EntryPoint\",\"urlTemplate\":\"https:\\\/\\\/www.huitres-st-vaast.com\\\/?s={search_term_string}\"},\"query-input\":{\"@type\":\"PropertyValueSpecification\",\"valueRequired\":true,\"valueName\":\"search_term_string\"}}],\"inLanguage\":\"en-US\"},{\"@type\":\"Organization\",\"@id\":\"https:\\\/\\\/www.huitres-st-vaast.com\\\/#organization\",\"name\":\"Hu\u00eetres H\u00e9lie\",\"url\":\"https:\\\/\\\/www.huitres-st-vaast.com\\\/\",\"logo\":{\"@type\":\"ImageObject\",\"inLanguage\":\"en-US\",\"@id\":\"https:\\\/\\\/www.huitres-st-vaast.com\\\/#\\\/schema\\\/logo\\\/image\\\/\",\"url\":\"https:\\\/\\\/www.huitres-st-vaast.com\\\/wp-content\\\/uploads\\\/2024\\\/11\\\/logo.webp\",\"contentUrl\":\"https:\\\/\\\/www.huitres-st-vaast.com\\\/wp-content\\\/uploads\\\/2024\\\/11\\\/logo.webp\",\"width\":645,\"height\":337,\"caption\":\"Hu\u00eetres H\u00e9lie\"},\"image\":{\"@id\":\"https:\\\/\\\/www.huitres-st-vaast.com\\\/#\\\/schema\\\/logo\\\/image\\\/\"},\"sameAs\":[\"https:\\\/\\\/www.facebook.com\\\/huitreshelie\",\"https:\\\/\\\/www.instagram.com\\\/huitres_helie\",\"https:\\\/\\\/www.youtube.com\\\/channel\\\/UC9EJR2gJXzsMPxr9Ph4nf2A\"]},{\"@type\":\"Person\",\"@id\":\"https:\\\/\\\/www.huitres-st-vaast.com\\\/#\\\/schema\\\/person\\\/ed21d0a9deb22fda5cb5a0094a86a53f\",\"name\":\"admin\",\"image\":{\"@type\":\"ImageObject\",\"inLanguage\":\"en-US\",\"@id\":\"https:\\\/\\\/secure.gravatar.com\\\/avatar\\\/b7f05c381d7d21bc9fc399fdf165d35a793576e609122a1f6c8ba6d23232a4e8?s=96&d=mm&r=g\",\"url\":\"https:\\\/\\\/secure.gravatar.com\\\/avatar\\\/b7f05c381d7d21bc9fc399fdf165d35a793576e609122a1f6c8ba6d23232a4e8?s=96&d=mm&r=g\",\"contentUrl\":\"https:\\\/\\\/secure.gravatar.com\\\/avatar\\\/b7f05c381d7d21bc9fc399fdf165d35a793576e609122a1f6c8ba6d23232a4e8?s=96&d=mm&r=g\",\"caption\":\"admin\"}}]}<\/script>\n<!-- \/ Yoast SEO plugin. -->","yoast_head_json":{"title":"La Classe Verte des Chefs 2024 - Hu\u00eetres H\u00e9lie","robots":{"index":"index","follow":"follow","max-snippet":"max-snippet:-1","max-image-preview":"max-image-preview:large","max-video-preview":"max-video-preview:-1"},"canonical":"https:\/\/www.huitres-st-vaast.com\/la-classe-verte-des-chefs\/","og_locale":"en_US","og_type":"article","og_title":"La Classe Verte des Chefs 2024 - Hu\u00eetres H\u00e9lie","og_description":"Retour en image sur nos quelques jours dans le Perche pour la Classe Verte des Chefs, un \u00e9v\u00e8nements qui rassemble pr\u00e8s de 180 chef\/fes pour parler gastronomie !Merci aux organisateurs, partenaires et autres participants pour cette journ\u00e9e riche en d\u00e9couvertes !","og_url":"https:\/\/www.huitres-st-vaast.com\/la-classe-verte-des-chefs\/","og_site_name":"Hu\u00eetres H\u00e9lie","article_publisher":"https:\/\/www.facebook.com\/huitreshelie","article_published_time":"2024-11-20T16:59:51+00:00","article_modified_time":"2024-11-20T17:00:01+00:00","og_image":[{"width":1440,"height":1800,"url":"https:\/\/www.huitres-st-vaast.com\/wp-content\/uploads\/2024\/11\/466378333_18114921778412109_3820454175807772539_n.jpg","type":"image\/jpeg"}],"author":"admin","twitter_card":"summary_large_image","twitter_misc":{"Written by":"admin","Est. reading time":"2 minutes"},"schema":{"@context":"https:\/\/schema.org","@graph":[{"@type":"Article","@id":"https:\/\/www.huitres-st-vaast.com\/la-classe-verte-des-chefs\/#article","isPartOf":{"@id":"https:\/\/www.huitres-st-vaast.com\/la-classe-verte-des-chefs\/"},"author":{"name":"admin","@id":"https:\/\/www.huitres-st-vaast.com\/#\/schema\/person\/ed21d0a9deb22fda5cb5a0094a86a53f"},"headline":"La Classe Verte des Chefs 2024","datePublished":"2024-11-20T16:59:51+00:00","dateModified":"2024-11-20T17:00:01+00:00","mainEntityOfPage":{"@id":"https:\/\/www.huitres-st-vaast.com\/la-classe-verte-des-chefs\/"},"wordCount":49,"publisher":{"@id":"https:\/\/www.huitres-st-vaast.com\/#organization"},"image":{"@id":"https:\/\/www.huitres-st-vaast.com\/la-classe-verte-des-chefs\/#primaryimage"},"thumbnailUrl":"https:\/\/www.huitres-st-vaast.com\/wp-content\/uploads\/2024\/11\/466378333_18114921778412109_3820454175807772539_n.jpg","articleSection":["Actualit\u00e9s"],"inLanguage":"en-US"},{"@type":"WebPage","@id":"https:\/\/www.huitres-st-vaast.com\/la-classe-verte-des-chefs\/","url":"https:\/\/www.huitres-st-vaast.com\/la-classe-verte-des-chefs\/","name":"La Classe Verte des Chefs 2024 - Hu\u00eetres H\u00e9lie","isPartOf":{"@id":"https:\/\/www.huitres-st-vaast.com\/#website"},"primaryImageOfPage":{"@id":"https:\/\/www.huitres-st-vaast.com\/la-classe-verte-des-chefs\/#primaryimage"},"image":{"@id":"https:\/\/www.huitres-st-vaast.com\/la-classe-verte-des-chefs\/#primaryimage"},"thumbnailUrl":"https:\/\/www.huitres-st-vaast.com\/wp-content\/uploads\/2024\/11\/466378333_18114921778412109_3820454175807772539_n.jpg","datePublished":"2024-11-20T16:59:51+00:00","dateModified":"2024-11-20T17:00:01+00:00","breadcrumb":{"@id":"https:\/\/www.huitres-st-vaast.com\/la-classe-verte-des-chefs\/#breadcrumb"},"inLanguage":"en-US","potentialAction":[{"@type":"ReadAction","target":["https:\/\/www.huitres-st-vaast.com\/la-classe-verte-des-chefs\/"]}]},{"@type":"ImageObject","inLanguage":"en-US","@id":"https:\/\/www.huitres-st-vaast.com\/la-classe-verte-des-chefs\/#primaryimage","url":"https:\/\/www.huitres-st-vaast.com\/wp-content\/uploads\/2024\/11\/466378333_18114921778412109_3820454175807772539_n.jpg","contentUrl":"https:\/\/www.huitres-st-vaast.com\/wp-content\/uploads\/2024\/11\/466378333_18114921778412109_3820454175807772539_n.jpg","width":1440,"height":1800},{"@type":"BreadcrumbList","@id":"https:\/\/www.huitres-st-vaast.com\/la-classe-verte-des-chefs\/#breadcrumb","itemListElement":[{"@type":"ListItem","position":1,"name":"Accueil","item":"https:\/\/www.huitres-st-vaast.com\/"},{"@type":"ListItem","position":2,"name":"La Classe Verte des Chefs 2024"}]},{"@type":"WebSite","@id":"https:\/\/www.huitres-st-vaast.com\/#website","url":"https:\/\/www.huitres-st-vaast.com\/","name":"Hu\u00eetres H\u00e9lie","description":"Hu\u00eetres fraiches de Normandie","publisher":{"@id":"https:\/\/www.huitres-st-vaast.com\/#organization"},"potentialAction":[{"@type":"SearchAction","target":{"@type":"EntryPoint","urlTemplate":"https:\/\/www.huitres-st-vaast.com\/?s={search_term_string}"},"query-input":{"@type":"PropertyValueSpecification","valueRequired":true,"valueName":"search_term_string"}}],"inLanguage":"en-US"},{"@type":"Organization","@id":"https:\/\/www.huitres-st-vaast.com\/#organization","name":"Hu\u00eetres H\u00e9lie","url":"https:\/\/www.huitres-st-vaast.com\/","logo":{"@type":"ImageObject","inLanguage":"en-US","@id":"https:\/\/www.huitres-st-vaast.com\/#\/schema\/logo\/image\/","url":"https:\/\/www.huitres-st-vaast.com\/wp-content\/uploads\/2024\/11\/logo.webp","contentUrl":"https:\/\/www.huitres-st-vaast.com\/wp-content\/uploads\/2024\/11\/logo.webp","width":645,"height":337,"caption":"Hu\u00eetres H\u00e9lie"},"image":{"@id":"https:\/\/www.huitres-st-vaast.com\/#\/schema\/logo\/image\/"},"sameAs":["https:\/\/www.facebook.com\/huitreshelie","https:\/\/www.instagram.com\/huitres_helie","https:\/\/www.youtube.com\/channel\/UC9EJR2gJXzsMPxr9Ph4nf2A"]},{"@type":"Person","@id":"https:\/\/www.huitres-st-vaast.com\/#\/schema\/person\/ed21d0a9deb22fda5cb5a0094a86a53f","name":"admin","image":{"@type":"ImageObject","inLanguage":"en-US","@id":"https:\/\/secure.gravatar.com\/avatar\/b7f05c381d7d21bc9fc399fdf165d35a793576e609122a1f6c8ba6d23232a4e8?s=96&d=mm&r=g","url":"https:\/\/secure.gravatar.com\/avatar\/b7f05c381d7d21bc9fc399fdf165d35a793576e609122a1f6c8ba6d23232a4e8?s=96&d=mm&r=g","contentUrl":"https:\/\/secure.gravatar.com\/avatar\/b7f05c381d7d21bc9fc399fdf165d35a793576e609122a1f6c8ba6d23232a4e8?s=96&d=mm&r=g","caption":"admin"}}]}},"_links":{"self":[{"href":"https:\/\/www.huitres-st-vaast.com\/en\/wp-json\/wp\/v2\/posts\/4239","targetHints":{"allow":["GET"]}}],"collection":[{"href":"https:\/\/www.huitres-st-vaast.com\/en\/wp-json\/wp\/v2\/posts"}],"about":[{"href":"https:\/\/www.huitres-st-vaast.com\/en\/wp-json\/wp\/v2\/types\/post"}],"author":[{"embeddable":true,"href":"https:\/\/www.huitres-st-vaast.com\/en\/wp-json\/wp\/v2\/users\/1"}],"replies":[{"embeddable":true,"href":"https:\/\/www.huitres-st-vaast.com\/en\/wp-json\/wp\/v2\/comments?post=4239"}],"version-history":[{"count":2,"href":"https:\/\/www.huitres-st-vaast.com\/en\/wp-json\/wp\/v2\/posts\/4239\/revisions"}],"predecessor-version":[{"id":4278,"href":"https:\/\/www.huitres-st-vaast.com\/en\/wp-json\/wp\/v2\/posts\/4239\/revisions\/4278"}],"wp:featuredmedia":[{"embeddable":true,"href":"https:\/\/www.huitres-st-vaast.com\/en\/wp-json\/wp\/v2\/media\/4249"}],"wp:attachment":[{"href":"https:\/\/www.huitres-st-vaast.com\/en\/wp-json\/wp\/v2\/media?parent=4239"}],"wp:term":[{"taxonomy":"category","embeddable":true,"href":"https:\/\/www.huitres-st-vaast.com\/en\/wp-json\/wp\/v2\/categories?post=4239"},{"taxonomy":"post_tag","embeddable":true,"href":"https:\/\/www.huitres-st-vaast.com\/en\/wp-json\/wp\/v2\/tags?post=4239"}],"curies":[{"name":"wp","href":"https:\/\/api.w.org\/{rel}","templated":true}]}}